{"id":415,"date":"2021-04-08T16:39:33","date_gmt":"2021-04-08T14:39:33","guid":{"rendered":"https:\/\/unserallerwald.noblogs.org\/?p=415"},"modified":"2021-04-08T16:39:33","modified_gmt":"2021-04-08T14:39:33","slug":"die-neue-staffel-unseres-vlogs","status":"publish","type":"post","link":"https:\/\/unserallerwald.noblogs.org\/de\/post\/2021\/04\/08\/die-neue-staffel-unseres-vlogs\/","title":{"rendered":"Die neue Staffel unseres Vlogs!"},"content":{"rendered":"<p>&#8222;Das verteidigen, was uns Leben gibt&#8220;<\/p>\n<p><span class=\"style-scope yt-formatted-string\" dir=\"auto\">Das ist die 1. Folge der 2. Staffel unseres Vlogs, in dem wir alle zwei Wochen berichten was in und um Unser Aller Wald passiert. Dabei wollen wir an dem Ort solidarische Beziehungsweisen leben. Unser Aller Wald soll inspirieren und Menschen dazu bef\u00e4higen, sich selbst und die Bedingungen unter denen wir leben zu ver\u00e4ndern. Die n\u00e4chste Episode erscheint am Donnerstag den 22. April auf diesem Kanal!<\/span><\/p>\n<p><iframe loading=\"lazy\" title=\"&quot;Das verteidigen, was uns Leben gibt&quot; - von Gletschern, Braunkohle und Baumh\u00e4usern || Vlog S02 E01\" width=\"525\" height=\"295\" src=\"https:\/\/www.youtube.com\/embed\/i5lv-MayZFc?feature=oembed\" frameborder=\"0\" allow=\"accelerometer; autoplay; clipboard-write; encrypted-media; gyroscope; picture-in-picture; web-share\" referrerpolicy=\"strict-origin-when-cross-origin\" allowfullscreen><\/iframe><\/p>\n","protected":false},"excerpt":{"rendered":"<p>&#8222;Das verteidigen, was uns Leben gibt&#8220; Das ist die 1. Folge der 2. Staffel unseres Vlogs, in dem wir alle zwei Wochen berichten was in und um Unser Aller Wald passiert. Dabei wollen wir an dem Ort solidarische Beziehungsweisen leben. Unser Aller Wald soll inspirieren und Menschen dazu bef\u00e4higen, sich selbst und die Bedingungen unter &hellip; <\/p>\n<p class=\"link-more\"><a href=\"https:\/\/unserallerwald.noblogs.org\/de\/post\/2021\/04\/08\/die-neue-staffel-unseres-vlogs\/\" class=\"more-link\"><span class=\"screen-reader-text\">\u201eDie neue Staffel unseres Vlogs!\u201c <\/span>weiterlesen<\/a><\/p>\n","protected":false},"author":15763,"featured_media":0,"comment_status":"closed","ping_status":"closed","sticky":false,"template":"","format":"video","meta":{"_locale":"de_DE","_original_post":"https:\/\/unserallerwald.noblogs.org\/?p=415","footnotes":""},"categories":[22,1,10],"tags":[],"class_list":["post-415","post","type-post","status-publish","format-video","hentry","category-aktuelles","category-blog","category-vlog","post_format-post-format-video","de-DE"],"_links":{"self":[{"href":"https:\/\/unserallerwald.noblogs.org\/wp-json\/wp\/v2\/posts\/415","targetHints":{"allow":["GET"]}}],"collection":[{"href":"https:\/\/unserallerwald.noblogs.org\/wp-json\/wp\/v2\/posts"}],"about":[{"href":"https:\/\/unserallerwald.noblogs.org\/wp-json\/wp\/v2\/types\/post"}],"author":[{"embeddable":true,"href":"https:\/\/unserallerwald.noblogs.org\/wp-json\/wp\/v2\/users\/15763"}],"replies":[{"embeddable":true,"href":"https:\/\/unserallerwald.noblogs.org\/wp-json\/wp\/v2\/comments?post=415"}],"version-history":[{"count":1,"href":"https:\/\/unserallerwald.noblogs.org\/wp-json\/wp\/v2\/posts\/415\/revisions"}],"predecessor-version":[{"id":416,"href":"https:\/\/unserallerwald.noblogs.org\/wp-json\/wp\/v2\/posts\/415\/revisions\/416"}],"wp:attachment":[{"href":"https:\/\/unserallerwald.noblogs.org\/wp-json\/wp\/v2\/media?parent=415"}],"wp:term":[{"taxonomy":"category","embeddable":true,"href":"https:\/\/unserallerwald.noblogs.org\/wp-json\/wp\/v2\/categories?post=415"},{"taxonomy":"post_tag","embeddable":true,"href":"https:\/\/unserallerwald.noblogs.org\/wp-json\/wp\/v2\/tags?post=415"}],"curies":[{"name":"wp","href":"https:\/\/api.w.org\/{rel}","templated":true}]}}